{"id":3851,"date":"2026-08-18T08:22:29","date_gmt":"2026-08-18T14:22:29","guid":{"rendered":"https:\/\/indefos.gob.mx\/portal\/?p=3851"},"modified":"2026-08-18T08:22:31","modified_gmt":"2026-08-18T14:22:31","slug":"julio-2026","status":"publish","type":"post","link":"https:\/\/indefos.gob.mx\/portal\/julio-2026\/","title":{"rendered":"Julio 2026"},"content":{"rendered":"\n<p class=\"wp-block-paragraph\">Segunda Sesi\u00f3n Ordinaria del Comit\u00e9 de Control Interno y Desempe\u00f1o Institucional del INDEFOS, en la cual se presentaron los Reportes de Avance Trimestral de los Programas de Trabajo de Control Interno y de Administraci\u00f3n de Riesgos Institucional.<br>Presidi\u00f3 el director general de este Instituto, Profr. Jose Guadalupe Guzm\u00e1n Chi, acompa\u00f1ado del Vocal B1 de la Secretar\u00eda de Anticorrupci\u00f3n y Buen Gobierno del Estado de Campeche, Ing. Ernesto Iv\u00e1n Olvera Cen.<\/p>\n\n\n\n<figure class=\"wp-block-image size-large is-resized\"><img loading=\"lazy\" decoding=\"async\" width=\"1024\" height=\"576\" src=\"https:\/\/indefos.gob.mx\/portal\/wp-content\/uploads\/2026\/08\/Julio01-1024x576.jpg\" alt=\"\" class=\"wp-image-3853\" style=\"width:571px;height:auto\" srcset=\"https:\/\/indefos.gob.mx\/portal\/wp-content\/uploads\/2026\/08\/Julio01-1024x576.jpg 1024w, https:\/\/indefos.gob.mx\/portal\/wp-content\/uploads\/2026\/08\/Julio01-300x169.jpg 300w, https:\/\/indefos.gob.mx\/portal\/wp-content\/uploads\/2026\/08\/Julio01-768x432.jpg 768w, https:\/\/indefos.gob.mx\/portal\/wp-content\/uploads\/2026\/08\/Julio01-1536x864.jpg 1536w, https:\/\/indefos.gob.mx\/portal\/wp-content\/uploads\/2026\/08\/Julio01.jpg 1600w\" sizes=\"auto, (max-width: 1024px) 100vw, 1024px\" \/><\/figure>\n\n\n\n<p class=\"wp-block-paragraph\">Reuni\u00f3n mensual del Equipo INDEFOS en la que se inform\u00f3 el cumplimiento de metas programadas para el primer semestre del 2026 y se revisaron los proyectos para el segundo semestre del a\u00f1o.<br>El director general, Profr. Jose Guadalupe Guzm\u00e1n Chi, entreg\u00f3 uniformes a integrantes del equipo de f\u00fatbol que resultaron campeones en la liga interdependencias.<\/p>\n\n\n\n<figure class=\"wp-block-image size-large is-resized\"><img loading=\"lazy\" decoding=\"async\" width=\"1024\" height=\"576\" src=\"https:\/\/indefos.gob.mx\/portal\/wp-content\/uploads\/2026\/08\/julio02-1024x576.jpg\" alt=\"\" class=\"wp-image-3854\" style=\"width:576px;height:auto\" srcset=\"https:\/\/indefos.gob.mx\/portal\/wp-content\/uploads\/2026\/08\/julio02-1024x576.jpg 1024w, https:\/\/indefos.gob.mx\/portal\/wp-content\/uploads\/2026\/08\/julio02-300x169.jpg 300w, https:\/\/indefos.gob.mx\/portal\/wp-content\/uploads\/2026\/08\/julio02-768x432.jpg 768w, https:\/\/indefos.gob.mx\/portal\/wp-content\/uploads\/2026\/08\/julio02-1536x864.jpg 1536w, https:\/\/indefos.gob.mx\/portal\/wp-content\/uploads\/2026\/08\/julio02.jpg 1600w\" sizes=\"auto, (max-width: 1024px) 100vw, 1024px\" \/><\/figure>\n\n\n\n<p class=\"wp-block-paragraph\"><\/p>\n","protected":false},"excerpt":{"rendered":"<p>Segunda Sesi\u00f3n Ordinaria del Comit\u00e9 de Control Interno y Desempe\u00f1o Institucional del INDEFOS, en la cual se presentaron los Reportes de Avance Trimestral de los Programas de Trabajo de Control Interno y de Administraci\u00f3n de Riesgos Institucional.Presidi\u00f3 el director general de este Instituto, Profr. Jose Guadalupe Guzm\u00e1n Chi, acompa\u00f1ado del Vocal B1 de la Secretar\u00eda&hellip; <br \/> <a class=\"read-more\" href=\"https:\/\/indefos.gob.mx\/portal\/julio-2026\/\">Leer m\u00e1s<\/a><\/p>\n","protected":false},"author":3,"featured_media":3853,"comment_status":"closed","ping_status":"open","sticky":false,"template":"","format":"standard","meta":{"footnotes":""},"categories":[67],"tags":[],"class_list":["post-3851","post","type-post","status-publish","format-standard","has-post-thumbnail","hentry","category-noticias-indefos"],"rttpg_featured_image_url":{"full":["https:\/\/indefos.gob.mx\/portal\/wp-content\/uploads\/2026\/08\/Julio01.jpg",1600,900,false],"landscape":["https:\/\/indefos.gob.mx\/portal\/wp-content\/uploads\/2026\/08\/Julio01.jpg",1600,900,false],"portraits":["https:\/\/indefos.gob.mx\/portal\/wp-content\/uploads\/2026\/08\/Julio01.jpg",1600,900,false],"thumbnail":["https:\/\/indefos.gob.mx\/portal\/wp-content\/uploads\/2026\/08\/Julio01-150x150.jpg",150,150,true],"medium":["https:\/\/indefos.gob.mx\/portal\/wp-content\/uploads\/2026\/08\/Julio01-300x169.jpg",300,169,true],"large":["https:\/\/indefos.gob.mx\/portal\/wp-content\/uploads\/2026\/08\/Julio01-1024x576.jpg",1024,576,true],"1536x1536":["https:\/\/indefos.gob.mx\/portal\/wp-content\/uploads\/2026\/08\/Julio01-1536x864.jpg",1536,864,true],"2048x2048":["https:\/\/indefos.gob.mx\/portal\/wp-content\/uploads\/2026\/08\/Julio01.jpg",1600,900,false],"post-thumbnail":["https:\/\/indefos.gob.mx\/portal\/wp-content\/uploads\/2026\/08\/Julio01-1024x576.jpg",1024,576,true],"mesmerize-full-hd":["https:\/\/indefos.gob.mx\/portal\/wp-content\/uploads\/2026\/08\/Julio01.jpg",1600,900,false]},"rttpg_author":{"display_name":"Emir Bojorquez","author_link":"https:\/\/indefos.gob.mx\/portal\/author\/editor\/"},"rttpg_comment":0,"rttpg_category":"<a href=\"https:\/\/indefos.gob.mx\/portal\/category\/noticias-indefos\/\" rel=\"category tag\">Noticias INDEFOS<\/a>","rttpg_excerpt":"Segunda Sesi\u00f3n Ordinaria del Comit\u00e9 de Control Interno y Desempe\u00f1o Institucional del INDEFOS, en la cual se presentaron los Reportes de Avance Trimestral de los Programas de Trabajo de Control Interno y de Administraci\u00f3n de Riesgos Institucional.Presidi\u00f3 el director general de este Instituto, Profr. Jose Guadalupe Guzm\u00e1n Chi, acompa\u00f1ado del Vocal B1 de la Secretar\u00eda&hellip;&hellip;","_links":{"self":[{"href":"https:\/\/indefos.gob.mx\/portal\/wp-json\/wp\/v2\/posts\/3851","targetHints":{"allow":["GET"]}}],"collection":[{"href":"https:\/\/indefos.gob.mx\/portal\/wp-json\/wp\/v2\/posts"}],"about":[{"href":"https:\/\/indefos.gob.mx\/portal\/wp-json\/wp\/v2\/types\/post"}],"author":[{"embeddable":true,"href":"https:\/\/indefos.gob.mx\/portal\/wp-json\/wp\/v2\/users\/3"}],"replies":[{"embeddable":true,"href":"https:\/\/indefos.gob.mx\/portal\/wp-json\/wp\/v2\/comments?post=3851"}],"version-history":[{"count":1,"href":"https:\/\/indefos.gob.mx\/portal\/wp-json\/wp\/v2\/posts\/3851\/revisions"}],"predecessor-version":[{"id":3855,"href":"https:\/\/indefos.gob.mx\/portal\/wp-json\/wp\/v2\/posts\/3851\/revisions\/3855"}],"wp:featuredmedia":[{"embeddable":true,"href":"https:\/\/indefos.gob.mx\/portal\/wp-json\/wp\/v2\/media\/3853"}],"wp:attachment":[{"href":"https:\/\/indefos.gob.mx\/portal\/wp-json\/wp\/v2\/media?parent=3851"}],"wp:term":[{"taxonomy":"category","embeddable":true,"href":"https:\/\/indefos.gob.mx\/portal\/wp-json\/wp\/v2\/categories?post=3851"},{"taxonomy":"post_tag","embeddable":true,"href":"https:\/\/indefos.gob.mx\/portal\/wp-json\/wp\/v2\/tags?post=3851"}],"curies":[{"name":"wp","href":"https:\/\/api.w.org\/{rel}","templated":true}]}}